{"id":879,"date":"2018-12-13T23:27:22","date_gmt":"2018-12-13T21:27:22","guid":{"rendered":"https:\/\/www.rijstaldeblinkert.nl\/rijstal-de-blinkert\/?p=674"},"modified":"2018-12-13T23:27:22","modified_gmt":"2018-12-13T21:27:22","slug":"sonntag-16-dezember-snertrit-fuer-fortgeschrittene-fahrer","status":"publish","type":"post","link":"https:\/\/www.rijstaldeblinkert.nl\/rijstal-de-blinkert\/de\/sonntag-16-dezember-snertrit-fuer-fortgeschrittene-fahrer\/","title":{"rendered":"Sonntag, 16. Dezember-Snertrit f\u00fcr Fortgeschrittene"},"content":{"rendered":"<p><a href=\"https:\/\/www.rijstaldeblinkert.nl\/wp-content\/uploads\/2018\/12\/Snertrit.jpg\"><img loading=\"lazy\" decoding=\"async\" class=\"alignleft size-medium wp-image-675\" src=\"https:\/\/www.rijstaldeblinkert.nl\/wp-content\/uploads\/2018\/12\/Snertrit-220x275.jpg\" alt=\"\" width=\"220\" height=\"275\" srcset=\"https:\/\/www.rijstaldeblinkert.nl\/wp-content\/uploads\/2018\/12\/Snertrit-220x275.jpg 220w, https:\/\/www.rijstaldeblinkert.nl\/wp-content\/uploads\/2018\/12\/Snertrit.jpg 768w, https:\/\/www.rijstaldeblinkert.nl\/wp-content\/uploads\/2018\/12\/Snertrit-504x630.jpg 504w, https:\/\/www.rijstaldeblinkert.nl\/wp-content\/uploads\/2018\/12\/Snertrit-570x713.jpg 570w\" sizes=\"auto, (max-width: 220px) 100vw, 220px\" \/><\/a>Geben Sie jetzt einfach f\u00fcr unseren super Spa\u00df Snertrit!<\/p>\n<p>Wir versammeln uns um 13.00 Uhr und machen dann eine wunde<span class=\"text_exposed_show\">rbare Fahrt von ca. 2 Stunden am sch\u00f6nen Strand von Amelander und durch die D\u00fcnen. Nach der R\u00fcckkehr genie\u00dfen wir eine leckere Sch\u00fcssel Snert und ein sch\u00f6nes Baguette.<\/span><\/p>\n<div class=\"text_exposed_show\">\n<p>Melden Sie sich \u00fcber PB \u00fcber Facebook an oder rufen Sie uns unter 06-12914654 an.<\/p>\n<p>Jetzt im Dezember zum Sonderpreis von \u20ac45,-pro Person.<\/p>\n<\/div>\n","protected":false},"excerpt":{"rendered":"<p>Geben Sie jetzt einfach f\u00fcr unseren super Spa\u00df Snertrit! Wir versammeln uns um 13.00 Uhr und machen dann eine wunderbare Fahrt von ca. 2 Stunden am sch\u00f6nen Strand von Amelander und durch die D\u00fcnen. Nach der R\u00fcckkehr genie\u00dfen wir eine leckere Sch\u00fcssel Snert und ein sch\u00f6nes Baguette. Melden Sie sich \u00fcber PB \u00fcber Facebook an [&hellip;]<\/p>\n","protected":false},"author":1,"featured_media":0,"comment_status":"open","ping_status":"open","sticky":false,"template":"","format":"standard","meta":{"_exactmetrics_skip_tracking":false,"_exactmetrics_sitenote_active":false,"_exactmetrics_sitenote_note":"","_exactmetrics_sitenote_category":0,"footnotes":""},"categories":[45],"tags":[],"class_list":{"0":"post-879","1":"post","2":"type-post","3":"status-publish","4":"format-standard","6":"category-geen-categorie-de","7":"czr-hentry"},"yoast_head":"<!-- This site is optimized with the Yoast SEO plugin v27.4 - https:\/\/yoast.com\/product\/yoast-seo-wordpress\/ -->\n<title>Sonntag, 16. Dezember-Snertrit f\u00fcr Fortgeschrittene - Rijstal De Blinkert<\/title>\n<meta name=\"robots\" content=\"index, follow, max-snippet:-1, max-image-preview:large, max-video-preview:-1\" \/>\n<link rel=\"canonical\" href=\"https:\/\/www.rijstaldeblinkert.nl\/rijstal-de-blinkert\/de\/sonntag-16-dezember-snertrit-fuer-fortgeschrittene-fahrer\/\" \/>\n<meta property=\"og:locale\" content=\"nl_NL\" \/>\n<meta property=\"og:type\" content=\"article\" \/>\n<meta property=\"og:title\" content=\"Sonntag, 16. Dezember-Snertrit f\u00fcr Fortgeschrittene - Rijstal De Blinkert\" \/>\n<meta property=\"og:description\" content=\"Geben Sie jetzt einfach f\u00fcr unseren super Spa\u00df Snertrit! Wir versammeln uns um 13.00 Uhr und machen dann eine wunderbare Fahrt von ca. 2 Stunden am sch\u00f6nen Strand von Amelander und durch die D\u00fcnen. Nach der R\u00fcckkehr genie\u00dfen wir eine leckere Sch\u00fcssel Snert und ein sch\u00f6nes Baguette. Melden Sie sich \u00fcber PB \u00fcber Facebook an [&hellip;]\" \/>\n<meta property=\"og:url\" content=\"https:\/\/www.rijstaldeblinkert.nl\/rijstal-de-blinkert\/de\/sonntag-16-dezember-snertrit-fuer-fortgeschrittene-fahrer\/\" \/>\n<meta property=\"og:site_name\" content=\"Rijstal De Blinkert\" \/>\n<meta property=\"article:publisher\" content=\"https:\/\/www.facebook.com\/rijstaldeblinkert\/\" \/>\n<meta property=\"article:published_time\" content=\"2018-12-13T21:27:22+00:00\" \/>\n<meta property=\"og:image\" content=\"https:\/\/www.rijstaldeblinkert.nl\/wp-content\/uploads\/2018\/12\/Snertrit-220x275.jpg\" \/>\n<meta name=\"author\" content=\"admin\" \/>\n<meta name=\"twitter:card\" content=\"summary_large_image\" \/>\n<meta name=\"twitter:label1\" content=\"Geschreven door\" \/>\n\t<meta name=\"twitter:data1\" content=\"admin\" \/>\n<script type=\"application\/ld+json\" class=\"yoast-schema-graph\">{\"@context\":\"https:\\\/\\\/schema.org\",\"@graph\":[{\"@type\":\"Article\",\"@id\":\"https:\\\/\\\/www.rijstaldeblinkert.nl\\\/rijstal-de-blinkert\\\/de\\\/sonntag-16-dezember-snertrit-fuer-fortgeschrittene-fahrer\\\/#article\",\"isPartOf\":{\"@id\":\"https:\\\/\\\/www.rijstaldeblinkert.nl\\\/rijstal-de-blinkert\\\/de\\\/sonntag-16-dezember-snertrit-fuer-fortgeschrittene-fahrer\\\/\"},\"author\":{\"name\":\"admin\",\"@id\":\"https:\\\/\\\/www.rijstaldeblinkert.nl\\\/rijstal-de-blinkert\\\/#\\\/schema\\\/person\\\/01083a70f98ff6619080509efa7cb7f6\"},\"headline\":\"Sonntag, 16. Dezember-Snertrit f\u00fcr Fortgeschrittene\",\"datePublished\":\"2018-12-13T21:27:22+00:00\",\"mainEntityOfPage\":{\"@id\":\"https:\\\/\\\/www.rijstaldeblinkert.nl\\\/rijstal-de-blinkert\\\/de\\\/sonntag-16-dezember-snertrit-fuer-fortgeschrittene-fahrer\\\/\"},\"wordCount\":80,\"commentCount\":0,\"publisher\":{\"@id\":\"https:\\\/\\\/www.rijstaldeblinkert.nl\\\/rijstal-de-blinkert\\\/#organization\"},\"image\":{\"@id\":\"https:\\\/\\\/www.rijstaldeblinkert.nl\\\/rijstal-de-blinkert\\\/de\\\/sonntag-16-dezember-snertrit-fuer-fortgeschrittene-fahrer\\\/#primaryimage\"},\"thumbnailUrl\":\"https:\\\/\\\/www.rijstaldeblinkert.nl\\\/wp-content\\\/uploads\\\/2018\\\/12\\\/Snertrit-220x275.jpg\",\"articleSection\":[\"Geen categorie\"],\"inLanguage\":\"nl-NL\",\"potentialAction\":[{\"@type\":\"CommentAction\",\"name\":\"Comment\",\"target\":[\"https:\\\/\\\/www.rijstaldeblinkert.nl\\\/rijstal-de-blinkert\\\/de\\\/sonntag-16-dezember-snertrit-fuer-fortgeschrittene-fahrer\\\/#respond\"]}]},{\"@type\":\"WebPage\",\"@id\":\"https:\\\/\\\/www.rijstaldeblinkert.nl\\\/rijstal-de-blinkert\\\/de\\\/sonntag-16-dezember-snertrit-fuer-fortgeschrittene-fahrer\\\/\",\"url\":\"https:\\\/\\\/www.rijstaldeblinkert.nl\\\/rijstal-de-blinkert\\\/de\\\/sonntag-16-dezember-snertrit-fuer-fortgeschrittene-fahrer\\\/\",\"name\":\"Sonntag, 16. Dezember-Snertrit f\u00fcr Fortgeschrittene - Rijstal De Blinkert\",\"isPartOf\":{\"@id\":\"https:\\\/\\\/www.rijstaldeblinkert.nl\\\/rijstal-de-blinkert\\\/#website\"},\"primaryImageOfPage\":{\"@id\":\"https:\\\/\\\/www.rijstaldeblinkert.nl\\\/rijstal-de-blinkert\\\/de\\\/sonntag-16-dezember-snertrit-fuer-fortgeschrittene-fahrer\\\/#primaryimage\"},\"image\":{\"@id\":\"https:\\\/\\\/www.rijstaldeblinkert.nl\\\/rijstal-de-blinkert\\\/de\\\/sonntag-16-dezember-snertrit-fuer-fortgeschrittene-fahrer\\\/#primaryimage\"},\"thumbnailUrl\":\"https:\\\/\\\/www.rijstaldeblinkert.nl\\\/wp-content\\\/uploads\\\/2018\\\/12\\\/Snertrit-220x275.jpg\",\"datePublished\":\"2018-12-13T21:27:22+00:00\",\"breadcrumb\":{\"@id\":\"https:\\\/\\\/www.rijstaldeblinkert.nl\\\/rijstal-de-blinkert\\\/de\\\/sonntag-16-dezember-snertrit-fuer-fortgeschrittene-fahrer\\\/#breadcrumb\"},\"inLanguage\":\"nl-NL\",\"potentialAction\":[{\"@type\":\"ReadAction\",\"target\":[\"https:\\\/\\\/www.rijstaldeblinkert.nl\\\/rijstal-de-blinkert\\\/de\\\/sonntag-16-dezember-snertrit-fuer-fortgeschrittene-fahrer\\\/\"]}]},{\"@type\":\"ImageObject\",\"inLanguage\":\"nl-NL\",\"@id\":\"https:\\\/\\\/www.rijstaldeblinkert.nl\\\/rijstal-de-blinkert\\\/de\\\/sonntag-16-dezember-snertrit-fuer-fortgeschrittene-fahrer\\\/#primaryimage\",\"url\":\"https:\\\/\\\/www.rijstaldeblinkert.nl\\\/wp-content\\\/uploads\\\/2018\\\/12\\\/Snertrit-220x275.jpg\",\"contentUrl\":\"https:\\\/\\\/www.rijstaldeblinkert.nl\\\/wp-content\\\/uploads\\\/2018\\\/12\\\/Snertrit-220x275.jpg\"},{\"@type\":\"BreadcrumbList\",\"@id\":\"https:\\\/\\\/www.rijstaldeblinkert.nl\\\/rijstal-de-blinkert\\\/de\\\/sonntag-16-dezember-snertrit-fuer-fortgeschrittene-fahrer\\\/#breadcrumb\",\"itemListElement\":[{\"@type\":\"ListItem\",\"position\":1,\"name\":\"Home\",\"item\":\"https:\\\/\\\/www.rijstaldeblinkert.nl\\\/rijstal-de-blinkert\\\/\"},{\"@type\":\"ListItem\",\"position\":2,\"name\":\"Sonntag, 16. Dezember-Snertrit f\u00fcr Fortgeschrittene\"}]},{\"@type\":\"WebSite\",\"@id\":\"https:\\\/\\\/www.rijstaldeblinkert.nl\\\/rijstal-de-blinkert\\\/#website\",\"url\":\"https:\\\/\\\/www.rijstaldeblinkert.nl\\\/rijstal-de-blinkert\\\/\",\"name\":\"Rijstal De Blinkert\",\"description\":\"Strandritten | Vakantiestalling\",\"publisher\":{\"@id\":\"https:\\\/\\\/www.rijstaldeblinkert.nl\\\/rijstal-de-blinkert\\\/#organization\"},\"potentialAction\":[{\"@type\":\"SearchAction\",\"target\":{\"@type\":\"EntryPoint\",\"urlTemplate\":\"https:\\\/\\\/www.rijstaldeblinkert.nl\\\/rijstal-de-blinkert\\\/?s={search_term_string}\"},\"query-input\":{\"@type\":\"PropertyValueSpecification\",\"valueRequired\":true,\"valueName\":\"search_term_string\"}}],\"inLanguage\":\"nl-NL\"},{\"@type\":\"Organization\",\"@id\":\"https:\\\/\\\/www.rijstaldeblinkert.nl\\\/rijstal-de-blinkert\\\/#organization\",\"name\":\"Rijstal De Blinkert\",\"url\":\"https:\\\/\\\/www.rijstaldeblinkert.nl\\\/rijstal-de-blinkert\\\/\",\"logo\":{\"@type\":\"ImageObject\",\"inLanguage\":\"nl-NL\",\"@id\":\"https:\\\/\\\/www.rijstaldeblinkert.nl\\\/rijstal-de-blinkert\\\/#\\\/schema\\\/logo\\\/image\\\/\",\"url\":\"https:\\\/\\\/www.rijstaldeblinkert.nl\\\/wp-content\\\/uploads\\\/2018\\\/09\\\/Rijstal-De-Blinkert-Ameland-Logo.jpg\",\"contentUrl\":\"https:\\\/\\\/www.rijstaldeblinkert.nl\\\/wp-content\\\/uploads\\\/2018\\\/09\\\/Rijstal-De-Blinkert-Ameland-Logo.jpg\",\"width\":600,\"height\":600,\"caption\":\"Rijstal De Blinkert\"},\"image\":{\"@id\":\"https:\\\/\\\/www.rijstaldeblinkert.nl\\\/rijstal-de-blinkert\\\/#\\\/schema\\\/logo\\\/image\\\/\"},\"sameAs\":[\"https:\\\/\\\/www.facebook.com\\\/rijstaldeblinkert\\\/\",\"https:\\\/\\\/www.instagram.com\\\/rijstaldeblinkert\\\/\"]},{\"@type\":\"Person\",\"@id\":\"https:\\\/\\\/www.rijstaldeblinkert.nl\\\/rijstal-de-blinkert\\\/#\\\/schema\\\/person\\\/01083a70f98ff6619080509efa7cb7f6\",\"name\":\"admin\",\"image\":{\"@type\":\"ImageObject\",\"inLanguage\":\"nl-NL\",\"@id\":\"https:\\\/\\\/secure.gravatar.com\\\/avatar\\\/c1e2147c7d98504541986f1a593021ecdb5c40b345f3b07a734059c6976590af?s=96&d=wavatar&r=g\",\"url\":\"https:\\\/\\\/secure.gravatar.com\\\/avatar\\\/c1e2147c7d98504541986f1a593021ecdb5c40b345f3b07a734059c6976590af?s=96&d=wavatar&r=g\",\"contentUrl\":\"https:\\\/\\\/secure.gravatar.com\\\/avatar\\\/c1e2147c7d98504541986f1a593021ecdb5c40b345f3b07a734059c6976590af?s=96&d=wavatar&r=g\",\"caption\":\"admin\"},\"url\":\"https:\\\/\\\/www.rijstaldeblinkert.nl\\\/rijstal-de-blinkert\\\/author\\\/admin\\\/\"}]}<\/script>\n<!-- \/ Yoast SEO plugin. -->","yoast_head_json":{"title":"Sonntag, 16. Dezember-Snertrit f\u00fcr Fortgeschrittene - Rijstal De Blinkert","robots":{"index":"index","follow":"follow","max-snippet":"max-snippet:-1","max-image-preview":"max-image-preview:large","max-video-preview":"max-video-preview:-1"},"canonical":"https:\/\/www.rijstaldeblinkert.nl\/rijstal-de-blinkert\/de\/sonntag-16-dezember-snertrit-fuer-fortgeschrittene-fahrer\/","og_locale":"nl_NL","og_type":"article","og_title":"Sonntag, 16. Dezember-Snertrit f\u00fcr Fortgeschrittene - Rijstal De Blinkert","og_description":"Geben Sie jetzt einfach f\u00fcr unseren super Spa\u00df Snertrit! Wir versammeln uns um 13.00 Uhr und machen dann eine wunderbare Fahrt von ca. 2 Stunden am sch\u00f6nen Strand von Amelander und durch die D\u00fcnen. Nach der R\u00fcckkehr genie\u00dfen wir eine leckere Sch\u00fcssel Snert und ein sch\u00f6nes Baguette. Melden Sie sich \u00fcber PB \u00fcber Facebook an [&hellip;]","og_url":"https:\/\/www.rijstaldeblinkert.nl\/rijstal-de-blinkert\/de\/sonntag-16-dezember-snertrit-fuer-fortgeschrittene-fahrer\/","og_site_name":"Rijstal De Blinkert","article_publisher":"https:\/\/www.facebook.com\/rijstaldeblinkert\/","article_published_time":"2018-12-13T21:27:22+00:00","og_image":[{"url":"https:\/\/www.rijstaldeblinkert.nl\/wp-content\/uploads\/2018\/12\/Snertrit-220x275.jpg","type":"","width":"","height":""}],"author":"admin","twitter_card":"summary_large_image","twitter_misc":{"Geschreven door":"admin"},"schema":{"@context":"https:\/\/schema.org","@graph":[{"@type":"Article","@id":"https:\/\/www.rijstaldeblinkert.nl\/rijstal-de-blinkert\/de\/sonntag-16-dezember-snertrit-fuer-fortgeschrittene-fahrer\/#article","isPartOf":{"@id":"https:\/\/www.rijstaldeblinkert.nl\/rijstal-de-blinkert\/de\/sonntag-16-dezember-snertrit-fuer-fortgeschrittene-fahrer\/"},"author":{"name":"admin","@id":"https:\/\/www.rijstaldeblinkert.nl\/rijstal-de-blinkert\/#\/schema\/person\/01083a70f98ff6619080509efa7cb7f6"},"headline":"Sonntag, 16. Dezember-Snertrit f\u00fcr Fortgeschrittene","datePublished":"2018-12-13T21:27:22+00:00","mainEntityOfPage":{"@id":"https:\/\/www.rijstaldeblinkert.nl\/rijstal-de-blinkert\/de\/sonntag-16-dezember-snertrit-fuer-fortgeschrittene-fahrer\/"},"wordCount":80,"commentCount":0,"publisher":{"@id":"https:\/\/www.rijstaldeblinkert.nl\/rijstal-de-blinkert\/#organization"},"image":{"@id":"https:\/\/www.rijstaldeblinkert.nl\/rijstal-de-blinkert\/de\/sonntag-16-dezember-snertrit-fuer-fortgeschrittene-fahrer\/#primaryimage"},"thumbnailUrl":"https:\/\/www.rijstaldeblinkert.nl\/wp-content\/uploads\/2018\/12\/Snertrit-220x275.jpg","articleSection":["Geen categorie"],"inLanguage":"nl-NL","potentialAction":[{"@type":"CommentAction","name":"Comment","target":["https:\/\/www.rijstaldeblinkert.nl\/rijstal-de-blinkert\/de\/sonntag-16-dezember-snertrit-fuer-fortgeschrittene-fahrer\/#respond"]}]},{"@type":"WebPage","@id":"https:\/\/www.rijstaldeblinkert.nl\/rijstal-de-blinkert\/de\/sonntag-16-dezember-snertrit-fuer-fortgeschrittene-fahrer\/","url":"https:\/\/www.rijstaldeblinkert.nl\/rijstal-de-blinkert\/de\/sonntag-16-dezember-snertrit-fuer-fortgeschrittene-fahrer\/","name":"Sonntag, 16. Dezember-Snertrit f\u00fcr Fortgeschrittene - Rijstal De Blinkert","isPartOf":{"@id":"https:\/\/www.rijstaldeblinkert.nl\/rijstal-de-blinkert\/#website"},"primaryImageOfPage":{"@id":"https:\/\/www.rijstaldeblinkert.nl\/rijstal-de-blinkert\/de\/sonntag-16-dezember-snertrit-fuer-fortgeschrittene-fahrer\/#primaryimage"},"image":{"@id":"https:\/\/www.rijstaldeblinkert.nl\/rijstal-de-blinkert\/de\/sonntag-16-dezember-snertrit-fuer-fortgeschrittene-fahrer\/#primaryimage"},"thumbnailUrl":"https:\/\/www.rijstaldeblinkert.nl\/wp-content\/uploads\/2018\/12\/Snertrit-220x275.jpg","datePublished":"2018-12-13T21:27:22+00:00","breadcrumb":{"@id":"https:\/\/www.rijstaldeblinkert.nl\/rijstal-de-blinkert\/de\/sonntag-16-dezember-snertrit-fuer-fortgeschrittene-fahrer\/#breadcrumb"},"inLanguage":"nl-NL","potentialAction":[{"@type":"ReadAction","target":["https:\/\/www.rijstaldeblinkert.nl\/rijstal-de-blinkert\/de\/sonntag-16-dezember-snertrit-fuer-fortgeschrittene-fahrer\/"]}]},{"@type":"ImageObject","inLanguage":"nl-NL","@id":"https:\/\/www.rijstaldeblinkert.nl\/rijstal-de-blinkert\/de\/sonntag-16-dezember-snertrit-fuer-fortgeschrittene-fahrer\/#primaryimage","url":"https:\/\/www.rijstaldeblinkert.nl\/wp-content\/uploads\/2018\/12\/Snertrit-220x275.jpg","contentUrl":"https:\/\/www.rijstaldeblinkert.nl\/wp-content\/uploads\/2018\/12\/Snertrit-220x275.jpg"},{"@type":"BreadcrumbList","@id":"https:\/\/www.rijstaldeblinkert.nl\/rijstal-de-blinkert\/de\/sonntag-16-dezember-snertrit-fuer-fortgeschrittene-fahrer\/#breadcrumb","itemListElement":[{"@type":"ListItem","position":1,"name":"Home","item":"https:\/\/www.rijstaldeblinkert.nl\/rijstal-de-blinkert\/"},{"@type":"ListItem","position":2,"name":"Sonntag, 16. Dezember-Snertrit f\u00fcr Fortgeschrittene"}]},{"@type":"WebSite","@id":"https:\/\/www.rijstaldeblinkert.nl\/rijstal-de-blinkert\/#website","url":"https:\/\/www.rijstaldeblinkert.nl\/rijstal-de-blinkert\/","name":"Rijstal De Blinkert","description":"Strandritten | Vakantiestalling","publisher":{"@id":"https:\/\/www.rijstaldeblinkert.nl\/rijstal-de-blinkert\/#organization"},"potentialAction":[{"@type":"SearchAction","target":{"@type":"EntryPoint","urlTemplate":"https:\/\/www.rijstaldeblinkert.nl\/rijstal-de-blinkert\/?s={search_term_string}"},"query-input":{"@type":"PropertyValueSpecification","valueRequired":true,"valueName":"search_term_string"}}],"inLanguage":"nl-NL"},{"@type":"Organization","@id":"https:\/\/www.rijstaldeblinkert.nl\/rijstal-de-blinkert\/#organization","name":"Rijstal De Blinkert","url":"https:\/\/www.rijstaldeblinkert.nl\/rijstal-de-blinkert\/","logo":{"@type":"ImageObject","inLanguage":"nl-NL","@id":"https:\/\/www.rijstaldeblinkert.nl\/rijstal-de-blinkert\/#\/schema\/logo\/image\/","url":"https:\/\/www.rijstaldeblinkert.nl\/wp-content\/uploads\/2018\/09\/Rijstal-De-Blinkert-Ameland-Logo.jpg","contentUrl":"https:\/\/www.rijstaldeblinkert.nl\/wp-content\/uploads\/2018\/09\/Rijstal-De-Blinkert-Ameland-Logo.jpg","width":600,"height":600,"caption":"Rijstal De Blinkert"},"image":{"@id":"https:\/\/www.rijstaldeblinkert.nl\/rijstal-de-blinkert\/#\/schema\/logo\/image\/"},"sameAs":["https:\/\/www.facebook.com\/rijstaldeblinkert\/","https:\/\/www.instagram.com\/rijstaldeblinkert\/"]},{"@type":"Person","@id":"https:\/\/www.rijstaldeblinkert.nl\/rijstal-de-blinkert\/#\/schema\/person\/01083a70f98ff6619080509efa7cb7f6","name":"admin","image":{"@type":"ImageObject","inLanguage":"nl-NL","@id":"https:\/\/secure.gravatar.com\/avatar\/c1e2147c7d98504541986f1a593021ecdb5c40b345f3b07a734059c6976590af?s=96&d=wavatar&r=g","url":"https:\/\/secure.gravatar.com\/avatar\/c1e2147c7d98504541986f1a593021ecdb5c40b345f3b07a734059c6976590af?s=96&d=wavatar&r=g","contentUrl":"https:\/\/secure.gravatar.com\/avatar\/c1e2147c7d98504541986f1a593021ecdb5c40b345f3b07a734059c6976590af?s=96&d=wavatar&r=g","caption":"admin"},"url":"https:\/\/www.rijstaldeblinkert.nl\/rijstal-de-blinkert\/author\/admin\/"}]}},"_links":{"self":[{"href":"https:\/\/www.rijstaldeblinkert.nl\/rijstal-de-blinkert\/wp-json\/wp\/v2\/posts\/879","targetHints":{"allow":["GET"]}}],"collection":[{"href":"https:\/\/www.rijstaldeblinkert.nl\/rijstal-de-blinkert\/wp-json\/wp\/v2\/posts"}],"about":[{"href":"https:\/\/www.rijstaldeblinkert.nl\/rijstal-de-blinkert\/wp-json\/wp\/v2\/types\/post"}],"author":[{"embeddable":true,"href":"https:\/\/www.rijstaldeblinkert.nl\/rijstal-de-blinkert\/wp-json\/wp\/v2\/users\/1"}],"replies":[{"embeddable":true,"href":"https:\/\/www.rijstaldeblinkert.nl\/rijstal-de-blinkert\/wp-json\/wp\/v2\/comments?post=879"}],"version-history":[{"count":0,"href":"https:\/\/www.rijstaldeblinkert.nl\/rijstal-de-blinkert\/wp-json\/wp\/v2\/posts\/879\/revisions"}],"wp:attachment":[{"href":"https:\/\/www.rijstaldeblinkert.nl\/rijstal-de-blinkert\/wp-json\/wp\/v2\/media?parent=879"}],"wp:term":[{"taxonomy":"category","embeddable":true,"href":"https:\/\/www.rijstaldeblinkert.nl\/rijstal-de-blinkert\/wp-json\/wp\/v2\/categories?post=879"},{"taxonomy":"post_tag","embeddable":true,"href":"https:\/\/www.rijstaldeblinkert.nl\/rijstal-de-blinkert\/wp-json\/wp\/v2\/tags?post=879"}],"curies":[{"name":"wp","href":"https:\/\/api.w.org\/{rel}","templated":true}]}}