{"id":869,"date":"2019-02-16T21:49:10","date_gmt":"2019-02-16T19:49:10","guid":{"rendered":"https:\/\/www.rijstaldeblinkert.nl\/rijstal-de-blinkert\/?p=768"},"modified":"2019-02-16T21:49:10","modified_gmt":"2019-02-16T19:49:10","slug":"50-jahre-rijstal-de-blinkert","status":"publish","type":"post","link":"https:\/\/www.rijstaldeblinkert.nl\/rijstal-de-blinkert\/de\/50-jahre-rijstal-de-blinkert\/","title":{"rendered":"50 Jahre Rijstal De Blinkert"},"content":{"rendered":"<p>50 Jahre Reiterhof De Blinkert * * *<\/p>\n<p>Der Valentinstag ist ein sch\u00f6ner Tag zum Auftakt unseres Jubil\u00e4umsjahres.<\/p>\n<p>Seit 50 Jahren kommen Die Leute zu uns, um eine wunderbare Outdoor-Fahrt, Pony auf der Hand oder Unterricht zu genie\u00dfen. 50 Jahre!<\/p>\n<div class=\"text_exposed_show\">\n<p><a href=\"https:\/\/www.rijstaldeblinkert.nl\/wp-content\/uploads\/2019\/02\/rijstal-de-blinkert-50-jaar-1.jpg\">\u00a0<\/a><a href=\"https:\/\/www.rijstaldeblinkert.nl\/wp-content\/uploads\/2019\/02\/rijstal-de-blinkert-50-jaar-2.jpg\">\u00a0<\/a><a href=\"https:\/\/www.rijstaldeblinkert.nl\/wp-content\/uploads\/2019\/02\/rijstal-de-blinkert-50-jaar-1.jpg\"><img loading=\"lazy\" decoding=\"async\" class=\"alignnone wp-image-772\" src=\"https:\/\/www.rijstaldeblinkert.nl\/wp-content\/uploads\/2019\/02\/rijstal-de-blinkert-50-jaar-1-275x275.jpg\" alt=\"50-jahre-rijstal-de-Blinkert\" width=\"200\" height=\"200\" srcset=\"https:\/\/www.rijstaldeblinkert.nl\/wp-content\/uploads\/2019\/02\/rijstal-de-blinkert-50-jaar-1-275x275.jpg 275w, https:\/\/www.rijstaldeblinkert.nl\/wp-content\/uploads\/2019\/02\/rijstal-de-blinkert-50-jaar-1-630x630.jpg 630w, https:\/\/www.rijstaldeblinkert.nl\/wp-content\/uploads\/2019\/02\/rijstal-de-blinkert-50-jaar-1-570x570.jpg 570w, https:\/\/www.rijstaldeblinkert.nl\/wp-content\/uploads\/2019\/02\/rijstal-de-blinkert-50-jaar-1-510x510.jpg 510w, https:\/\/www.rijstaldeblinkert.nl\/wp-content\/uploads\/2019\/02\/rijstal-de-blinkert-50-jaar-1.jpg 750w\" sizes=\"auto, (max-width: 200px) 100vw, 200px\" \/>\u00a0<\/a><a href=\"https:\/\/www.rijstaldeblinkert.nl\/wp-content\/uploads\/2019\/02\/rijstal-de-blinkert-50-jaar-2.jpg\"><img loading=\"lazy\" decoding=\"async\" class=\"alignnone wp-image-771\" src=\"https:\/\/www.rijstaldeblinkert.nl\/wp-content\/uploads\/2019\/02\/rijstal-de-blinkert-50-jaar-2-275x275.jpg\" alt=\"50-jahre-rijstal-de-Blinkert\" width=\"200\" height=\"200\" srcset=\"https:\/\/www.rijstaldeblinkert.nl\/wp-content\/uploads\/2019\/02\/rijstal-de-blinkert-50-jaar-2-275x275.jpg 275w, https:\/\/www.rijstaldeblinkert.nl\/wp-content\/uploads\/2019\/02\/rijstal-de-blinkert-50-jaar-2-768x768.jpg 768w, https:\/\/www.rijstaldeblinkert.nl\/wp-content\/uploads\/2019\/02\/rijstal-de-blinkert-50-jaar-2-630x630.jpg 630w, https:\/\/www.rijstaldeblinkert.nl\/wp-content\/uploads\/2019\/02\/rijstal-de-blinkert-50-jaar-2-570x570.jpg 570w, https:\/\/www.rijstaldeblinkert.nl\/wp-content\/uploads\/2019\/02\/rijstal-de-blinkert-50-jaar-2-510x510.jpg 510w, https:\/\/www.rijstaldeblinkert.nl\/wp-content\/uploads\/2019\/02\/rijstal-de-blinkert-50-jaar-2.jpg 960w\" sizes=\"auto, (max-width: 200px) 100vw, 200px\" \/>\u00a0<\/a><a href=\"https:\/\/www.rijstaldeblinkert.nl\/wp-content\/uploads\/2019\/02\/rijstal-de-blinkert-50-jaar-3.jpg\"><img loading=\"lazy\" decoding=\"async\" class=\"alignnone wp-image-770\" src=\"https:\/\/www.rijstaldeblinkert.nl\/wp-content\/uploads\/2019\/02\/rijstal-de-blinkert-50-jaar-3-275x275.jpg\" alt=\"50-jahre-rijstal-de-Blinkert\" width=\"200\" height=\"200\" srcset=\"https:\/\/www.rijstaldeblinkert.nl\/wp-content\/uploads\/2019\/02\/rijstal-de-blinkert-50-jaar-3-275x275.jpg 275w, https:\/\/www.rijstaldeblinkert.nl\/wp-content\/uploads\/2019\/02\/rijstal-de-blinkert-50-jaar-3-768x768.jpg 768w, https:\/\/www.rijstaldeblinkert.nl\/wp-content\/uploads\/2019\/02\/rijstal-de-blinkert-50-jaar-3-630x630.jpg 630w, https:\/\/www.rijstaldeblinkert.nl\/wp-content\/uploads\/2019\/02\/rijstal-de-blinkert-50-jaar-3-570x570.jpg 570w, https:\/\/www.rijstaldeblinkert.nl\/wp-content\/uploads\/2019\/02\/rijstal-de-blinkert-50-jaar-3-510x510.jpg 510w, https:\/\/www.rijstaldeblinkert.nl\/wp-content\/uploads\/2019\/02\/rijstal-de-blinkert-50-jaar-3.jpg 960w\" sizes=\"auto, (max-width: 200px) 100vw, 200px\" \/><\/a><\/p>\n<p>Unsere St\u00e4lle begannen 1969 mit 4 Ponys. Im Laufe der Jahre hat sich unser Familienunternehmen stark erweitert und im Sommer 2014 hat Mark die tagesgesch\u00e4ftsf\u00fchrung seiner Mutter Meta \u00fcbernommen. Anno 2019 Wir sind stolz auf unsere bunte Truppe von Pferden und Ponys und wir tun unser Bestes jeden Tag, damit sich unsere G\u00e4ste wohlf\u00fchlen.<\/p>\n<p>Da wir dieses Jubil\u00e4um auch gerne mit Ihnen feiern, werden wir mit verschiedenen Aktionen und besonderen Fahrgesch\u00e4ften kommen. Was genau halten wir geheim? Aber halten Sie ein gutes Auge auf unsere sozialen Medien und erneuerte Website; Sobald es Neuigkeiten gibt, werden wir es sofort melden.<\/p>\n<\/div>\n","protected":false},"excerpt":{"rendered":"<p>50 Jahre Reiterhof De Blinkert * * * Der Valentinstag ist ein sch\u00f6ner Tag zum Auftakt unseres Jubil\u00e4umsjahres. Seit 50 Jahren kommen Die Leute zu uns, um eine wunderbare Outdoor-Fahrt, Pony auf der Hand oder Unterricht zu genie\u00dfen. 50 Jahre! \u00a0\u00a0\u00a0\u00a0 Unsere St\u00e4lle begannen 1969 mit 4 Ponys. Im Laufe der Jahre hat sich unser [&hellip;]<\/p>\n","protected":false},"author":1,"featured_media":0,"comment_status":"open","ping_status":"open","sticky":false,"template":"","format":"standard","meta":{"_exactmetrics_skip_tracking":false,"_exactmetrics_sitenote_active":false,"_exactmetrics_sitenote_note":"","_exactmetrics_sitenote_category":0,"footnotes":""},"categories":[15],"tags":[],"class_list":{"0":"post-869","1":"post","2":"type-post","3":"status-publish","4":"format-standard","6":"category-geen-categorie-nl","7":"czr-hentry"},"yoast_head":"<!-- This site is optimized with the Yoast SEO plugin v27.4 - https:\/\/yoast.com\/product\/yoast-seo-wordpress\/ -->\n<title>50 Jahre Rijstal De Blinkert - Rijstal De Blinkert<\/title>\n<meta name=\"robots\" content=\"index, follow, max-snippet:-1, max-image-preview:large, max-video-preview:-1\" \/>\n<link rel=\"canonical\" href=\"https:\/\/www.rijstaldeblinkert.nl\/rijstal-de-blinkert\/de\/50-jahre-rijstal-de-blinkert\/\" \/>\n<meta property=\"og:locale\" content=\"nl_NL\" \/>\n<meta property=\"og:type\" content=\"article\" \/>\n<meta property=\"og:title\" content=\"50 Jahre Rijstal De Blinkert - Rijstal De Blinkert\" \/>\n<meta property=\"og:description\" content=\"50 Jahre Reiterhof De Blinkert * * * Der Valentinstag ist ein sch\u00f6ner Tag zum Auftakt unseres Jubil\u00e4umsjahres. Seit 50 Jahren kommen Die Leute zu uns, um eine wunderbare Outdoor-Fahrt, Pony auf der Hand oder Unterricht zu genie\u00dfen. 50 Jahre! \u00a0\u00a0\u00a0\u00a0 Unsere St\u00e4lle begannen 1969 mit 4 Ponys. Im Laufe der Jahre hat sich unser [&hellip;]\" \/>\n<meta property=\"og:url\" content=\"https:\/\/www.rijstaldeblinkert.nl\/rijstal-de-blinkert\/de\/50-jahre-rijstal-de-blinkert\/\" \/>\n<meta property=\"og:site_name\" content=\"Rijstal De Blinkert\" \/>\n<meta property=\"article:publisher\" content=\"https:\/\/www.facebook.com\/rijstaldeblinkert\/\" \/>\n<meta property=\"article:published_time\" content=\"2019-02-16T19:49:10+00:00\" \/>\n<meta property=\"og:image\" content=\"https:\/\/www.rijstaldeblinkert.nl\/wp-content\/uploads\/2019\/02\/rijstal-de-blinkert-50-jaar-1-275x275.jpg\" \/>\n<meta name=\"author\" content=\"admin\" \/>\n<meta name=\"twitter:card\" content=\"summary_large_image\" \/>\n<meta name=\"twitter:label1\" content=\"Geschreven door\" \/>\n\t<meta name=\"twitter:data1\" content=\"admin\" \/>\n\t<meta name=\"twitter:label2\" content=\"Geschatte leestijd\" \/>\n\t<meta name=\"twitter:data2\" content=\"1 minuut\" \/>\n<script type=\"application\/ld+json\" class=\"yoast-schema-graph\">{\"@context\":\"https:\\\/\\\/schema.org\",\"@graph\":[{\"@type\":\"Article\",\"@id\":\"https:\\\/\\\/www.rijstaldeblinkert.nl\\\/rijstal-de-blinkert\\\/de\\\/50-jahre-rijstal-de-blinkert\\\/#article\",\"isPartOf\":{\"@id\":\"https:\\\/\\\/www.rijstaldeblinkert.nl\\\/rijstal-de-blinkert\\\/de\\\/50-jahre-rijstal-de-blinkert\\\/\"},\"author\":{\"name\":\"admin\",\"@id\":\"https:\\\/\\\/www.rijstaldeblinkert.nl\\\/rijstal-de-blinkert\\\/#\\\/schema\\\/person\\\/01083a70f98ff6619080509efa7cb7f6\"},\"headline\":\"50 Jahre Rijstal De Blinkert\",\"datePublished\":\"2019-02-16T19:49:10+00:00\",\"mainEntityOfPage\":{\"@id\":\"https:\\\/\\\/www.rijstaldeblinkert.nl\\\/rijstal-de-blinkert\\\/de\\\/50-jahre-rijstal-de-blinkert\\\/\"},\"wordCount\":143,\"commentCount\":0,\"publisher\":{\"@id\":\"https:\\\/\\\/www.rijstaldeblinkert.nl\\\/rijstal-de-blinkert\\\/#organization\"},\"image\":{\"@id\":\"https:\\\/\\\/www.rijstaldeblinkert.nl\\\/rijstal-de-blinkert\\\/de\\\/50-jahre-rijstal-de-blinkert\\\/#primaryimage\"},\"thumbnailUrl\":\"https:\\\/\\\/www.rijstaldeblinkert.nl\\\/wp-content\\\/uploads\\\/2019\\\/02\\\/rijstal-de-blinkert-50-jaar-1-275x275.jpg\",\"articleSection\":[\"Geen categorie\"],\"inLanguage\":\"nl-NL\",\"potentialAction\":[{\"@type\":\"CommentAction\",\"name\":\"Comment\",\"target\":[\"https:\\\/\\\/www.rijstaldeblinkert.nl\\\/rijstal-de-blinkert\\\/de\\\/50-jahre-rijstal-de-blinkert\\\/#respond\"]}]},{\"@type\":\"WebPage\",\"@id\":\"https:\\\/\\\/www.rijstaldeblinkert.nl\\\/rijstal-de-blinkert\\\/de\\\/50-jahre-rijstal-de-blinkert\\\/\",\"url\":\"https:\\\/\\\/www.rijstaldeblinkert.nl\\\/rijstal-de-blinkert\\\/de\\\/50-jahre-rijstal-de-blinkert\\\/\",\"name\":\"50 Jahre Rijstal De Blinkert - Rijstal De Blinkert\",\"isPartOf\":{\"@id\":\"https:\\\/\\\/www.rijstaldeblinkert.nl\\\/rijstal-de-blinkert\\\/#website\"},\"primaryImageOfPage\":{\"@id\":\"https:\\\/\\\/www.rijstaldeblinkert.nl\\\/rijstal-de-blinkert\\\/de\\\/50-jahre-rijstal-de-blinkert\\\/#primaryimage\"},\"image\":{\"@id\":\"https:\\\/\\\/www.rijstaldeblinkert.nl\\\/rijstal-de-blinkert\\\/de\\\/50-jahre-rijstal-de-blinkert\\\/#primaryimage\"},\"thumbnailUrl\":\"https:\\\/\\\/www.rijstaldeblinkert.nl\\\/wp-content\\\/uploads\\\/2019\\\/02\\\/rijstal-de-blinkert-50-jaar-1-275x275.jpg\",\"datePublished\":\"2019-02-16T19:49:10+00:00\",\"breadcrumb\":{\"@id\":\"https:\\\/\\\/www.rijstaldeblinkert.nl\\\/rijstal-de-blinkert\\\/de\\\/50-jahre-rijstal-de-blinkert\\\/#breadcrumb\"},\"inLanguage\":\"nl-NL\",\"potentialAction\":[{\"@type\":\"ReadAction\",\"target\":[\"https:\\\/\\\/www.rijstaldeblinkert.nl\\\/rijstal-de-blinkert\\\/de\\\/50-jahre-rijstal-de-blinkert\\\/\"]}]},{\"@type\":\"ImageObject\",\"inLanguage\":\"nl-NL\",\"@id\":\"https:\\\/\\\/www.rijstaldeblinkert.nl\\\/rijstal-de-blinkert\\\/de\\\/50-jahre-rijstal-de-blinkert\\\/#primaryimage\",\"url\":\"https:\\\/\\\/www.rijstaldeblinkert.nl\\\/wp-content\\\/uploads\\\/2019\\\/02\\\/rijstal-de-blinkert-50-jaar-1-275x275.jpg\",\"contentUrl\":\"https:\\\/\\\/www.rijstaldeblinkert.nl\\\/wp-content\\\/uploads\\\/2019\\\/02\\\/rijstal-de-blinkert-50-jaar-1-275x275.jpg\"},{\"@type\":\"BreadcrumbList\",\"@id\":\"https:\\\/\\\/www.rijstaldeblinkert.nl\\\/rijstal-de-blinkert\\\/de\\\/50-jahre-rijstal-de-blinkert\\\/#breadcrumb\",\"itemListElement\":[{\"@type\":\"ListItem\",\"position\":1,\"name\":\"Home\",\"item\":\"https:\\\/\\\/www.rijstaldeblinkert.nl\\\/rijstal-de-blinkert\\\/\"},{\"@type\":\"ListItem\",\"position\":2,\"name\":\"50 Jahre Rijstal De Blinkert\"}]},{\"@type\":\"WebSite\",\"@id\":\"https:\\\/\\\/www.rijstaldeblinkert.nl\\\/rijstal-de-blinkert\\\/#website\",\"url\":\"https:\\\/\\\/www.rijstaldeblinkert.nl\\\/rijstal-de-blinkert\\\/\",\"name\":\"Rijstal De Blinkert\",\"description\":\"Strandritten | Vakantiestalling\",\"publisher\":{\"@id\":\"https:\\\/\\\/www.rijstaldeblinkert.nl\\\/rijstal-de-blinkert\\\/#organization\"},\"potentialAction\":[{\"@type\":\"SearchAction\",\"target\":{\"@type\":\"EntryPoint\",\"urlTemplate\":\"https:\\\/\\\/www.rijstaldeblinkert.nl\\\/rijstal-de-blinkert\\\/?s={search_term_string}\"},\"query-input\":{\"@type\":\"PropertyValueSpecification\",\"valueRequired\":true,\"valueName\":\"search_term_string\"}}],\"inLanguage\":\"nl-NL\"},{\"@type\":\"Organization\",\"@id\":\"https:\\\/\\\/www.rijstaldeblinkert.nl\\\/rijstal-de-blinkert\\\/#organization\",\"name\":\"Rijstal De Blinkert\",\"url\":\"https:\\\/\\\/www.rijstaldeblinkert.nl\\\/rijstal-de-blinkert\\\/\",\"logo\":{\"@type\":\"ImageObject\",\"inLanguage\":\"nl-NL\",\"@id\":\"https:\\\/\\\/www.rijstaldeblinkert.nl\\\/rijstal-de-blinkert\\\/#\\\/schema\\\/logo\\\/image\\\/\",\"url\":\"https:\\\/\\\/www.rijstaldeblinkert.nl\\\/wp-content\\\/uploads\\\/2018\\\/09\\\/Rijstal-De-Blinkert-Ameland-Logo.jpg\",\"contentUrl\":\"https:\\\/\\\/www.rijstaldeblinkert.nl\\\/wp-content\\\/uploads\\\/2018\\\/09\\\/Rijstal-De-Blinkert-Ameland-Logo.jpg\",\"width\":600,\"height\":600,\"caption\":\"Rijstal De Blinkert\"},\"image\":{\"@id\":\"https:\\\/\\\/www.rijstaldeblinkert.nl\\\/rijstal-de-blinkert\\\/#\\\/schema\\\/logo\\\/image\\\/\"},\"sameAs\":[\"https:\\\/\\\/www.facebook.com\\\/rijstaldeblinkert\\\/\",\"https:\\\/\\\/www.instagram.com\\\/rijstaldeblinkert\\\/\"]},{\"@type\":\"Person\",\"@id\":\"https:\\\/\\\/www.rijstaldeblinkert.nl\\\/rijstal-de-blinkert\\\/#\\\/schema\\\/person\\\/01083a70f98ff6619080509efa7cb7f6\",\"name\":\"admin\",\"image\":{\"@type\":\"ImageObject\",\"inLanguage\":\"nl-NL\",\"@id\":\"https:\\\/\\\/secure.gravatar.com\\\/avatar\\\/c1e2147c7d98504541986f1a593021ecdb5c40b345f3b07a734059c6976590af?s=96&d=wavatar&r=g\",\"url\":\"https:\\\/\\\/secure.gravatar.com\\\/avatar\\\/c1e2147c7d98504541986f1a593021ecdb5c40b345f3b07a734059c6976590af?s=96&d=wavatar&r=g\",\"contentUrl\":\"https:\\\/\\\/secure.gravatar.com\\\/avatar\\\/c1e2147c7d98504541986f1a593021ecdb5c40b345f3b07a734059c6976590af?s=96&d=wavatar&r=g\",\"caption\":\"admin\"},\"url\":\"https:\\\/\\\/www.rijstaldeblinkert.nl\\\/rijstal-de-blinkert\\\/author\\\/admin\\\/\"}]}<\/script>\n<!-- \/ Yoast SEO plugin. -->","yoast_head_json":{"title":"50 Jahre Rijstal De Blinkert - Rijstal De Blinkert","robots":{"index":"index","follow":"follow","max-snippet":"max-snippet:-1","max-image-preview":"max-image-preview:large","max-video-preview":"max-video-preview:-1"},"canonical":"https:\/\/www.rijstaldeblinkert.nl\/rijstal-de-blinkert\/de\/50-jahre-rijstal-de-blinkert\/","og_locale":"nl_NL","og_type":"article","og_title":"50 Jahre Rijstal De Blinkert - Rijstal De Blinkert","og_description":"50 Jahre Reiterhof De Blinkert * * * Der Valentinstag ist ein sch\u00f6ner Tag zum Auftakt unseres Jubil\u00e4umsjahres. Seit 50 Jahren kommen Die Leute zu uns, um eine wunderbare Outdoor-Fahrt, Pony auf der Hand oder Unterricht zu genie\u00dfen. 50 Jahre! \u00a0\u00a0\u00a0\u00a0 Unsere St\u00e4lle begannen 1969 mit 4 Ponys. Im Laufe der Jahre hat sich unser [&hellip;]","og_url":"https:\/\/www.rijstaldeblinkert.nl\/rijstal-de-blinkert\/de\/50-jahre-rijstal-de-blinkert\/","og_site_name":"Rijstal De Blinkert","article_publisher":"https:\/\/www.facebook.com\/rijstaldeblinkert\/","article_published_time":"2019-02-16T19:49:10+00:00","og_image":[{"url":"https:\/\/www.rijstaldeblinkert.nl\/wp-content\/uploads\/2019\/02\/rijstal-de-blinkert-50-jaar-1-275x275.jpg","type":"","width":"","height":""}],"author":"admin","twitter_card":"summary_large_image","twitter_misc":{"Geschreven door":"admin","Geschatte leestijd":"1 minuut"},"schema":{"@context":"https:\/\/schema.org","@graph":[{"@type":"Article","@id":"https:\/\/www.rijstaldeblinkert.nl\/rijstal-de-blinkert\/de\/50-jahre-rijstal-de-blinkert\/#article","isPartOf":{"@id":"https:\/\/www.rijstaldeblinkert.nl\/rijstal-de-blinkert\/de\/50-jahre-rijstal-de-blinkert\/"},"author":{"name":"admin","@id":"https:\/\/www.rijstaldeblinkert.nl\/rijstal-de-blinkert\/#\/schema\/person\/01083a70f98ff6619080509efa7cb7f6"},"headline":"50 Jahre Rijstal De Blinkert","datePublished":"2019-02-16T19:49:10+00:00","mainEntityOfPage":{"@id":"https:\/\/www.rijstaldeblinkert.nl\/rijstal-de-blinkert\/de\/50-jahre-rijstal-de-blinkert\/"},"wordCount":143,"commentCount":0,"publisher":{"@id":"https:\/\/www.rijstaldeblinkert.nl\/rijstal-de-blinkert\/#organization"},"image":{"@id":"https:\/\/www.rijstaldeblinkert.nl\/rijstal-de-blinkert\/de\/50-jahre-rijstal-de-blinkert\/#primaryimage"},"thumbnailUrl":"https:\/\/www.rijstaldeblinkert.nl\/wp-content\/uploads\/2019\/02\/rijstal-de-blinkert-50-jaar-1-275x275.jpg","articleSection":["Geen categorie"],"inLanguage":"nl-NL","potentialAction":[{"@type":"CommentAction","name":"Comment","target":["https:\/\/www.rijstaldeblinkert.nl\/rijstal-de-blinkert\/de\/50-jahre-rijstal-de-blinkert\/#respond"]}]},{"@type":"WebPage","@id":"https:\/\/www.rijstaldeblinkert.nl\/rijstal-de-blinkert\/de\/50-jahre-rijstal-de-blinkert\/","url":"https:\/\/www.rijstaldeblinkert.nl\/rijstal-de-blinkert\/de\/50-jahre-rijstal-de-blinkert\/","name":"50 Jahre Rijstal De Blinkert - Rijstal De Blinkert","isPartOf":{"@id":"https:\/\/www.rijstaldeblinkert.nl\/rijstal-de-blinkert\/#website"},"primaryImageOfPage":{"@id":"https:\/\/www.rijstaldeblinkert.nl\/rijstal-de-blinkert\/de\/50-jahre-rijstal-de-blinkert\/#primaryimage"},"image":{"@id":"https:\/\/www.rijstaldeblinkert.nl\/rijstal-de-blinkert\/de\/50-jahre-rijstal-de-blinkert\/#primaryimage"},"thumbnailUrl":"https:\/\/www.rijstaldeblinkert.nl\/wp-content\/uploads\/2019\/02\/rijstal-de-blinkert-50-jaar-1-275x275.jpg","datePublished":"2019-02-16T19:49:10+00:00","breadcrumb":{"@id":"https:\/\/www.rijstaldeblinkert.nl\/rijstal-de-blinkert\/de\/50-jahre-rijstal-de-blinkert\/#breadcrumb"},"inLanguage":"nl-NL","potentialAction":[{"@type":"ReadAction","target":["https:\/\/www.rijstaldeblinkert.nl\/rijstal-de-blinkert\/de\/50-jahre-rijstal-de-blinkert\/"]}]},{"@type":"ImageObject","inLanguage":"nl-NL","@id":"https:\/\/www.rijstaldeblinkert.nl\/rijstal-de-blinkert\/de\/50-jahre-rijstal-de-blinkert\/#primaryimage","url":"https:\/\/www.rijstaldeblinkert.nl\/wp-content\/uploads\/2019\/02\/rijstal-de-blinkert-50-jaar-1-275x275.jpg","contentUrl":"https:\/\/www.rijstaldeblinkert.nl\/wp-content\/uploads\/2019\/02\/rijstal-de-blinkert-50-jaar-1-275x275.jpg"},{"@type":"BreadcrumbList","@id":"https:\/\/www.rijstaldeblinkert.nl\/rijstal-de-blinkert\/de\/50-jahre-rijstal-de-blinkert\/#breadcrumb","itemListElement":[{"@type":"ListItem","position":1,"name":"Home","item":"https:\/\/www.rijstaldeblinkert.nl\/rijstal-de-blinkert\/"},{"@type":"ListItem","position":2,"name":"50 Jahre Rijstal De Blinkert"}]},{"@type":"WebSite","@id":"https:\/\/www.rijstaldeblinkert.nl\/rijstal-de-blinkert\/#website","url":"https:\/\/www.rijstaldeblinkert.nl\/rijstal-de-blinkert\/","name":"Rijstal De Blinkert","description":"Strandritten | Vakantiestalling","publisher":{"@id":"https:\/\/www.rijstaldeblinkert.nl\/rijstal-de-blinkert\/#organization"},"potentialAction":[{"@type":"SearchAction","target":{"@type":"EntryPoint","urlTemplate":"https:\/\/www.rijstaldeblinkert.nl\/rijstal-de-blinkert\/?s={search_term_string}"},"query-input":{"@type":"PropertyValueSpecification","valueRequired":true,"valueName":"search_term_string"}}],"inLanguage":"nl-NL"},{"@type":"Organization","@id":"https:\/\/www.rijstaldeblinkert.nl\/rijstal-de-blinkert\/#organization","name":"Rijstal De Blinkert","url":"https:\/\/www.rijstaldeblinkert.nl\/rijstal-de-blinkert\/","logo":{"@type":"ImageObject","inLanguage":"nl-NL","@id":"https:\/\/www.rijstaldeblinkert.nl\/rijstal-de-blinkert\/#\/schema\/logo\/image\/","url":"https:\/\/www.rijstaldeblinkert.nl\/wp-content\/uploads\/2018\/09\/Rijstal-De-Blinkert-Ameland-Logo.jpg","contentUrl":"https:\/\/www.rijstaldeblinkert.nl\/wp-content\/uploads\/2018\/09\/Rijstal-De-Blinkert-Ameland-Logo.jpg","width":600,"height":600,"caption":"Rijstal De Blinkert"},"image":{"@id":"https:\/\/www.rijstaldeblinkert.nl\/rijstal-de-blinkert\/#\/schema\/logo\/image\/"},"sameAs":["https:\/\/www.facebook.com\/rijstaldeblinkert\/","https:\/\/www.instagram.com\/rijstaldeblinkert\/"]},{"@type":"Person","@id":"https:\/\/www.rijstaldeblinkert.nl\/rijstal-de-blinkert\/#\/schema\/person\/01083a70f98ff6619080509efa7cb7f6","name":"admin","image":{"@type":"ImageObject","inLanguage":"nl-NL","@id":"https:\/\/secure.gravatar.com\/avatar\/c1e2147c7d98504541986f1a593021ecdb5c40b345f3b07a734059c6976590af?s=96&d=wavatar&r=g","url":"https:\/\/secure.gravatar.com\/avatar\/c1e2147c7d98504541986f1a593021ecdb5c40b345f3b07a734059c6976590af?s=96&d=wavatar&r=g","contentUrl":"https:\/\/secure.gravatar.com\/avatar\/c1e2147c7d98504541986f1a593021ecdb5c40b345f3b07a734059c6976590af?s=96&d=wavatar&r=g","caption":"admin"},"url":"https:\/\/www.rijstaldeblinkert.nl\/rijstal-de-blinkert\/author\/admin\/"}]}},"_links":{"self":[{"href":"https:\/\/www.rijstaldeblinkert.nl\/rijstal-de-blinkert\/wp-json\/wp\/v2\/posts\/869","targetHints":{"allow":["GET"]}}],"collection":[{"href":"https:\/\/www.rijstaldeblinkert.nl\/rijstal-de-blinkert\/wp-json\/wp\/v2\/posts"}],"about":[{"href":"https:\/\/www.rijstaldeblinkert.nl\/rijstal-de-blinkert\/wp-json\/wp\/v2\/types\/post"}],"author":[{"embeddable":true,"href":"https:\/\/www.rijstaldeblinkert.nl\/rijstal-de-blinkert\/wp-json\/wp\/v2\/users\/1"}],"replies":[{"embeddable":true,"href":"https:\/\/www.rijstaldeblinkert.nl\/rijstal-de-blinkert\/wp-json\/wp\/v2\/comments?post=869"}],"version-history":[{"count":0,"href":"https:\/\/www.rijstaldeblinkert.nl\/rijstal-de-blinkert\/wp-json\/wp\/v2\/posts\/869\/revisions"}],"wp:attachment":[{"href":"https:\/\/www.rijstaldeblinkert.nl\/rijstal-de-blinkert\/wp-json\/wp\/v2\/media?parent=869"}],"wp:term":[{"taxonomy":"category","embeddable":true,"href":"https:\/\/www.rijstaldeblinkert.nl\/rijstal-de-blinkert\/wp-json\/wp\/v2\/categories?post=869"},{"taxonomy":"post_tag","embeddable":true,"href":"https:\/\/www.rijstaldeblinkert.nl\/rijstal-de-blinkert\/wp-json\/wp\/v2\/tags?post=869"}],"curies":[{"name":"wp","href":"https:\/\/api.w.org\/{rel}","templated":true}]}}