{"id":1313,"date":"2020-08-06T22:57:15","date_gmt":"2020-08-06T20:57:15","guid":{"rendered":"https:\/\/www.rijstaldeblinkert.nl\/rijstal-de-blinkert\/?p=1307"},"modified":"2020-08-06T22:57:15","modified_gmt":"2020-08-06T20:57:15","slug":"kollegen-gesucht-fur-die-nachsaison","status":"publish","type":"post","link":"https:\/\/www.rijstaldeblinkert.nl\/rijstal-de-blinkert\/de\/kollegen-gesucht-fur-die-nachsaison\/","title":{"rendered":"Kollegen f\u00fcr die Nachsaison gesucht"},"content":{"rendered":"<figure id=\"attachment_1308\" aria-describedby=\"caption-attachment-1308\" style=\"width: 284px\" class=\"wp-caption alignleft\"><a href=\"https:\/\/www.rijstaldeblinkert.nl\/wp-content\/uploads\/2020\/08\/Rijstal-de-blinkert-naseizoen-2020.jpg\"><img loading=\"lazy\" decoding=\"async\" class=\"wp-image-1308\" src=\"https:\/\/www.rijstaldeblinkert.nl\/wp-content\/uploads\/2020\/08\/Rijstal-de-blinkert-naseizoen-2020-448x630.jpg\" alt=\"\" width=\"284\" height=\"400\" srcset=\"https:\/\/www.rijstaldeblinkert.nl\/wp-content\/uploads\/2020\/08\/Rijstal-de-blinkert-naseizoen-2020-448x630.jpg 448w, https:\/\/www.rijstaldeblinkert.nl\/wp-content\/uploads\/2020\/08\/Rijstal-de-blinkert-naseizoen-2020-195x275.jpg 195w, https:\/\/www.rijstaldeblinkert.nl\/wp-content\/uploads\/2020\/08\/Rijstal-de-blinkert-naseizoen-2020-570x802.jpg 570w, https:\/\/www.rijstaldeblinkert.nl\/wp-content\/uploads\/2020\/08\/Rijstal-de-blinkert-naseizoen-2020.jpg 682w\" sizes=\"auto, (max-width: 284px) 100vw, 284px\" \/><\/a><figcaption id=\"caption-attachment-1308\" class=\"wp-caption-text\">Klicken Sie f\u00fcr ein gr\u00f6\u00dferes Bild<\/figcaption><\/figure>\n<p>Aufgrund der Menschenmassen auf der Insel ist es immer noch sehr besch\u00e4ftigt mit uns. Wir vermuten, dass dies noch eine Weile so weitergehen wird. Wir suchen daher Menschen, die uns von ca. Mitte August bis Ende Oktober.<\/p>\n<h3>Kollegen f\u00fcr die Nachsaison gesucht<\/h3>\n<p>Beginnt Ihre Ausbildung nicht im September, oder haben Sie ein L\u00fcckenjahr und erkennen Sie sich in unserer Stellenbeschreibung wieder<span class=\"text_exposed_show\">? Bitte kontaktieren Sie uns schnell \u00fcber die E-Mail-Adresse werken@rijstaldeblink<wbr \/>ert.nl und vielleicht k\u00f6nnen wir etwas f\u00fcreinander tun.<\/p>\n<p>Teilen ist s\u00fc\u00df!<br \/>\n<\/span><\/p>\n<p>\u00a0<\/p>\n","protected":false},"excerpt":{"rendered":"<p>Aufgrund der Menschenmassen auf der Insel ist es immer noch sehr besch\u00e4ftigt mit uns. Wir vermuten, dass dies noch eine Weile so weitergehen wird. Wir suchen daher Menschen, die uns von ca. Mitte August bis Ende Oktober. Kollegen f\u00fcr die Nachsaison gesucht Beginnt Ihre Ausbildung nicht im September, oder haben Sie ein L\u00fcckenjahr und erkennen [&hellip;]<\/p>\n","protected":false},"author":1,"featured_media":0,"comment_status":"open","ping_status":"open","sticky":false,"template":"","format":"standard","meta":{"_exactmetrics_skip_tracking":false,"_exactmetrics_sitenote_active":false,"_exactmetrics_sitenote_note":"","_exactmetrics_sitenote_category":0,"footnotes":""},"categories":[15],"tags":[],"class_list":{"0":"post-1313","1":"post","2":"type-post","3":"status-publish","4":"format-standard","6":"category-geen-categorie-nl","7":"czr-hentry"},"yoast_head":"<!-- This site is optimized with the Yoast SEO plugin v27.4 - https:\/\/yoast.com\/product\/yoast-seo-wordpress\/ -->\n<title>Kollegen f\u00fcr die Nachsaison gesucht - Rijstal De Blinkert<\/title>\n<meta name=\"robots\" content=\"index, follow, max-snippet:-1, max-image-preview:large, max-video-preview:-1\" \/>\n<link rel=\"canonical\" href=\"https:\/\/www.rijstaldeblinkert.nl\/rijstal-de-blinkert\/de\/kollegen-gesucht-fur-die-nachsaison\/\" \/>\n<meta property=\"og:locale\" content=\"nl_NL\" \/>\n<meta property=\"og:type\" content=\"article\" \/>\n<meta property=\"og:title\" content=\"Kollegen f\u00fcr die Nachsaison gesucht - Rijstal De Blinkert\" \/>\n<meta property=\"og:description\" content=\"Aufgrund der Menschenmassen auf der Insel ist es immer noch sehr besch\u00e4ftigt mit uns. Wir vermuten, dass dies noch eine Weile so weitergehen wird. Wir suchen daher Menschen, die uns von ca. Mitte August bis Ende Oktober. Kollegen f\u00fcr die Nachsaison gesucht Beginnt Ihre Ausbildung nicht im September, oder haben Sie ein L\u00fcckenjahr und erkennen [&hellip;]\" \/>\n<meta property=\"og:url\" content=\"https:\/\/www.rijstaldeblinkert.nl\/rijstal-de-blinkert\/de\/kollegen-gesucht-fur-die-nachsaison\/\" \/>\n<meta property=\"og:site_name\" content=\"Rijstal De Blinkert\" \/>\n<meta property=\"article:publisher\" content=\"https:\/\/www.facebook.com\/rijstaldeblinkert\/\" \/>\n<meta property=\"article:published_time\" content=\"2020-08-06T20:57:15+00:00\" \/>\n<meta property=\"og:image\" content=\"https:\/\/www.rijstaldeblinkert.nl\/wp-content\/uploads\/2020\/08\/Rijstal-de-blinkert-naseizoen-2020-448x630.jpg\" \/>\n<meta name=\"author\" content=\"admin\" \/>\n<meta name=\"twitter:card\" content=\"summary_large_image\" \/>\n<meta name=\"twitter:label1\" content=\"Geschreven door\" \/>\n\t<meta name=\"twitter:data1\" content=\"admin\" \/>\n\t<meta name=\"twitter:label2\" content=\"Geschatte leestijd\" \/>\n\t<meta name=\"twitter:data2\" content=\"1 minuut\" \/>\n<script type=\"application\/ld+json\" class=\"yoast-schema-graph\">{\"@context\":\"https:\\\/\\\/schema.org\",\"@graph\":[{\"@type\":\"Article\",\"@id\":\"https:\\\/\\\/www.rijstaldeblinkert.nl\\\/rijstal-de-blinkert\\\/de\\\/kollegen-gesucht-fur-die-nachsaison\\\/#article\",\"isPartOf\":{\"@id\":\"https:\\\/\\\/www.rijstaldeblinkert.nl\\\/rijstal-de-blinkert\\\/de\\\/kollegen-gesucht-fur-die-nachsaison\\\/\"},\"author\":{\"name\":\"admin\",\"@id\":\"https:\\\/\\\/www.rijstaldeblinkert.nl\\\/rijstal-de-blinkert\\\/#\\\/schema\\\/person\\\/01083a70f98ff6619080509efa7cb7f6\"},\"headline\":\"Kollegen f\u00fcr die Nachsaison gesucht\",\"datePublished\":\"2020-08-06T20:57:15+00:00\",\"mainEntityOfPage\":{\"@id\":\"https:\\\/\\\/www.rijstaldeblinkert.nl\\\/rijstal-de-blinkert\\\/de\\\/kollegen-gesucht-fur-die-nachsaison\\\/\"},\"wordCount\":108,\"commentCount\":0,\"publisher\":{\"@id\":\"https:\\\/\\\/www.rijstaldeblinkert.nl\\\/rijstal-de-blinkert\\\/#organization\"},\"image\":{\"@id\":\"https:\\\/\\\/www.rijstaldeblinkert.nl\\\/rijstal-de-blinkert\\\/de\\\/kollegen-gesucht-fur-die-nachsaison\\\/#primaryimage\"},\"thumbnailUrl\":\"https:\\\/\\\/www.rijstaldeblinkert.nl\\\/wp-content\\\/uploads\\\/2020\\\/08\\\/Rijstal-de-blinkert-naseizoen-2020-448x630.jpg\",\"articleSection\":[\"Geen categorie\"],\"inLanguage\":\"nl-NL\",\"potentialAction\":[{\"@type\":\"CommentAction\",\"name\":\"Comment\",\"target\":[\"https:\\\/\\\/www.rijstaldeblinkert.nl\\\/rijstal-de-blinkert\\\/de\\\/kollegen-gesucht-fur-die-nachsaison\\\/#respond\"]}]},{\"@type\":\"WebPage\",\"@id\":\"https:\\\/\\\/www.rijstaldeblinkert.nl\\\/rijstal-de-blinkert\\\/de\\\/kollegen-gesucht-fur-die-nachsaison\\\/\",\"url\":\"https:\\\/\\\/www.rijstaldeblinkert.nl\\\/rijstal-de-blinkert\\\/de\\\/kollegen-gesucht-fur-die-nachsaison\\\/\",\"name\":\"Kollegen f\u00fcr die Nachsaison gesucht - Rijstal De Blinkert\",\"isPartOf\":{\"@id\":\"https:\\\/\\\/www.rijstaldeblinkert.nl\\\/rijstal-de-blinkert\\\/#website\"},\"primaryImageOfPage\":{\"@id\":\"https:\\\/\\\/www.rijstaldeblinkert.nl\\\/rijstal-de-blinkert\\\/de\\\/kollegen-gesucht-fur-die-nachsaison\\\/#primaryimage\"},\"image\":{\"@id\":\"https:\\\/\\\/www.rijstaldeblinkert.nl\\\/rijstal-de-blinkert\\\/de\\\/kollegen-gesucht-fur-die-nachsaison\\\/#primaryimage\"},\"thumbnailUrl\":\"https:\\\/\\\/www.rijstaldeblinkert.nl\\\/wp-content\\\/uploads\\\/2020\\\/08\\\/Rijstal-de-blinkert-naseizoen-2020-448x630.jpg\",\"datePublished\":\"2020-08-06T20:57:15+00:00\",\"breadcrumb\":{\"@id\":\"https:\\\/\\\/www.rijstaldeblinkert.nl\\\/rijstal-de-blinkert\\\/de\\\/kollegen-gesucht-fur-die-nachsaison\\\/#breadcrumb\"},\"inLanguage\":\"nl-NL\",\"potentialAction\":[{\"@type\":\"ReadAction\",\"target\":[\"https:\\\/\\\/www.rijstaldeblinkert.nl\\\/rijstal-de-blinkert\\\/de\\\/kollegen-gesucht-fur-die-nachsaison\\\/\"]}]},{\"@type\":\"ImageObject\",\"inLanguage\":\"nl-NL\",\"@id\":\"https:\\\/\\\/www.rijstaldeblinkert.nl\\\/rijstal-de-blinkert\\\/de\\\/kollegen-gesucht-fur-die-nachsaison\\\/#primaryimage\",\"url\":\"https:\\\/\\\/www.rijstaldeblinkert.nl\\\/wp-content\\\/uploads\\\/2020\\\/08\\\/Rijstal-de-blinkert-naseizoen-2020-448x630.jpg\",\"contentUrl\":\"https:\\\/\\\/www.rijstaldeblinkert.nl\\\/wp-content\\\/uploads\\\/2020\\\/08\\\/Rijstal-de-blinkert-naseizoen-2020-448x630.jpg\"},{\"@type\":\"BreadcrumbList\",\"@id\":\"https:\\\/\\\/www.rijstaldeblinkert.nl\\\/rijstal-de-blinkert\\\/de\\\/kollegen-gesucht-fur-die-nachsaison\\\/#breadcrumb\",\"itemListElement\":[{\"@type\":\"ListItem\",\"position\":1,\"name\":\"Home\",\"item\":\"https:\\\/\\\/www.rijstaldeblinkert.nl\\\/rijstal-de-blinkert\\\/\"},{\"@type\":\"ListItem\",\"position\":2,\"name\":\"Kollegen f\u00fcr die Nachsaison gesucht\"}]},{\"@type\":\"WebSite\",\"@id\":\"https:\\\/\\\/www.rijstaldeblinkert.nl\\\/rijstal-de-blinkert\\\/#website\",\"url\":\"https:\\\/\\\/www.rijstaldeblinkert.nl\\\/rijstal-de-blinkert\\\/\",\"name\":\"Rijstal De Blinkert\",\"description\":\"Strandritten | Vakantiestalling\",\"publisher\":{\"@id\":\"https:\\\/\\\/www.rijstaldeblinkert.nl\\\/rijstal-de-blinkert\\\/#organization\"},\"potentialAction\":[{\"@type\":\"SearchAction\",\"target\":{\"@type\":\"EntryPoint\",\"urlTemplate\":\"https:\\\/\\\/www.rijstaldeblinkert.nl\\\/rijstal-de-blinkert\\\/?s={search_term_string}\"},\"query-input\":{\"@type\":\"PropertyValueSpecification\",\"valueRequired\":true,\"valueName\":\"search_term_string\"}}],\"inLanguage\":\"nl-NL\"},{\"@type\":\"Organization\",\"@id\":\"https:\\\/\\\/www.rijstaldeblinkert.nl\\\/rijstal-de-blinkert\\\/#organization\",\"name\":\"Rijstal De Blinkert\",\"url\":\"https:\\\/\\\/www.rijstaldeblinkert.nl\\\/rijstal-de-blinkert\\\/\",\"logo\":{\"@type\":\"ImageObject\",\"inLanguage\":\"nl-NL\",\"@id\":\"https:\\\/\\\/www.rijstaldeblinkert.nl\\\/rijstal-de-blinkert\\\/#\\\/schema\\\/logo\\\/image\\\/\",\"url\":\"https:\\\/\\\/www.rijstaldeblinkert.nl\\\/wp-content\\\/uploads\\\/2018\\\/09\\\/Rijstal-De-Blinkert-Ameland-Logo.jpg\",\"contentUrl\":\"https:\\\/\\\/www.rijstaldeblinkert.nl\\\/wp-content\\\/uploads\\\/2018\\\/09\\\/Rijstal-De-Blinkert-Ameland-Logo.jpg\",\"width\":600,\"height\":600,\"caption\":\"Rijstal De Blinkert\"},\"image\":{\"@id\":\"https:\\\/\\\/www.rijstaldeblinkert.nl\\\/rijstal-de-blinkert\\\/#\\\/schema\\\/logo\\\/image\\\/\"},\"sameAs\":[\"https:\\\/\\\/www.facebook.com\\\/rijstaldeblinkert\\\/\",\"https:\\\/\\\/www.instagram.com\\\/rijstaldeblinkert\\\/\"]},{\"@type\":\"Person\",\"@id\":\"https:\\\/\\\/www.rijstaldeblinkert.nl\\\/rijstal-de-blinkert\\\/#\\\/schema\\\/person\\\/01083a70f98ff6619080509efa7cb7f6\",\"name\":\"admin\",\"image\":{\"@type\":\"ImageObject\",\"inLanguage\":\"nl-NL\",\"@id\":\"https:\\\/\\\/secure.gravatar.com\\\/avatar\\\/c1e2147c7d98504541986f1a593021ecdb5c40b345f3b07a734059c6976590af?s=96&d=wavatar&r=g\",\"url\":\"https:\\\/\\\/secure.gravatar.com\\\/avatar\\\/c1e2147c7d98504541986f1a593021ecdb5c40b345f3b07a734059c6976590af?s=96&d=wavatar&r=g\",\"contentUrl\":\"https:\\\/\\\/secure.gravatar.com\\\/avatar\\\/c1e2147c7d98504541986f1a593021ecdb5c40b345f3b07a734059c6976590af?s=96&d=wavatar&r=g\",\"caption\":\"admin\"},\"url\":\"https:\\\/\\\/www.rijstaldeblinkert.nl\\\/rijstal-de-blinkert\\\/author\\\/admin\\\/\"}]}<\/script>\n<!-- \/ Yoast SEO plugin. -->","yoast_head_json":{"title":"Kollegen f\u00fcr die Nachsaison gesucht - Rijstal De Blinkert","robots":{"index":"index","follow":"follow","max-snippet":"max-snippet:-1","max-image-preview":"max-image-preview:large","max-video-preview":"max-video-preview:-1"},"canonical":"https:\/\/www.rijstaldeblinkert.nl\/rijstal-de-blinkert\/de\/kollegen-gesucht-fur-die-nachsaison\/","og_locale":"nl_NL","og_type":"article","og_title":"Kollegen f\u00fcr die Nachsaison gesucht - Rijstal De Blinkert","og_description":"Aufgrund der Menschenmassen auf der Insel ist es immer noch sehr besch\u00e4ftigt mit uns. Wir vermuten, dass dies noch eine Weile so weitergehen wird. Wir suchen daher Menschen, die uns von ca. Mitte August bis Ende Oktober. Kollegen f\u00fcr die Nachsaison gesucht Beginnt Ihre Ausbildung nicht im September, oder haben Sie ein L\u00fcckenjahr und erkennen [&hellip;]","og_url":"https:\/\/www.rijstaldeblinkert.nl\/rijstal-de-blinkert\/de\/kollegen-gesucht-fur-die-nachsaison\/","og_site_name":"Rijstal De Blinkert","article_publisher":"https:\/\/www.facebook.com\/rijstaldeblinkert\/","article_published_time":"2020-08-06T20:57:15+00:00","og_image":[{"url":"https:\/\/www.rijstaldeblinkert.nl\/wp-content\/uploads\/2020\/08\/Rijstal-de-blinkert-naseizoen-2020-448x630.jpg","type":"","width":"","height":""}],"author":"admin","twitter_card":"summary_large_image","twitter_misc":{"Geschreven door":"admin","Geschatte leestijd":"1 minuut"},"schema":{"@context":"https:\/\/schema.org","@graph":[{"@type":"Article","@id":"https:\/\/www.rijstaldeblinkert.nl\/rijstal-de-blinkert\/de\/kollegen-gesucht-fur-die-nachsaison\/#article","isPartOf":{"@id":"https:\/\/www.rijstaldeblinkert.nl\/rijstal-de-blinkert\/de\/kollegen-gesucht-fur-die-nachsaison\/"},"author":{"name":"admin","@id":"https:\/\/www.rijstaldeblinkert.nl\/rijstal-de-blinkert\/#\/schema\/person\/01083a70f98ff6619080509efa7cb7f6"},"headline":"Kollegen f\u00fcr die Nachsaison gesucht","datePublished":"2020-08-06T20:57:15+00:00","mainEntityOfPage":{"@id":"https:\/\/www.rijstaldeblinkert.nl\/rijstal-de-blinkert\/de\/kollegen-gesucht-fur-die-nachsaison\/"},"wordCount":108,"commentCount":0,"publisher":{"@id":"https:\/\/www.rijstaldeblinkert.nl\/rijstal-de-blinkert\/#organization"},"image":{"@id":"https:\/\/www.rijstaldeblinkert.nl\/rijstal-de-blinkert\/de\/kollegen-gesucht-fur-die-nachsaison\/#primaryimage"},"thumbnailUrl":"https:\/\/www.rijstaldeblinkert.nl\/wp-content\/uploads\/2020\/08\/Rijstal-de-blinkert-naseizoen-2020-448x630.jpg","articleSection":["Geen categorie"],"inLanguage":"nl-NL","potentialAction":[{"@type":"CommentAction","name":"Comment","target":["https:\/\/www.rijstaldeblinkert.nl\/rijstal-de-blinkert\/de\/kollegen-gesucht-fur-die-nachsaison\/#respond"]}]},{"@type":"WebPage","@id":"https:\/\/www.rijstaldeblinkert.nl\/rijstal-de-blinkert\/de\/kollegen-gesucht-fur-die-nachsaison\/","url":"https:\/\/www.rijstaldeblinkert.nl\/rijstal-de-blinkert\/de\/kollegen-gesucht-fur-die-nachsaison\/","name":"Kollegen f\u00fcr die Nachsaison gesucht - Rijstal De Blinkert","isPartOf":{"@id":"https:\/\/www.rijstaldeblinkert.nl\/rijstal-de-blinkert\/#website"},"primaryImageOfPage":{"@id":"https:\/\/www.rijstaldeblinkert.nl\/rijstal-de-blinkert\/de\/kollegen-gesucht-fur-die-nachsaison\/#primaryimage"},"image":{"@id":"https:\/\/www.rijstaldeblinkert.nl\/rijstal-de-blinkert\/de\/kollegen-gesucht-fur-die-nachsaison\/#primaryimage"},"thumbnailUrl":"https:\/\/www.rijstaldeblinkert.nl\/wp-content\/uploads\/2020\/08\/Rijstal-de-blinkert-naseizoen-2020-448x630.jpg","datePublished":"2020-08-06T20:57:15+00:00","breadcrumb":{"@id":"https:\/\/www.rijstaldeblinkert.nl\/rijstal-de-blinkert\/de\/kollegen-gesucht-fur-die-nachsaison\/#breadcrumb"},"inLanguage":"nl-NL","potentialAction":[{"@type":"ReadAction","target":["https:\/\/www.rijstaldeblinkert.nl\/rijstal-de-blinkert\/de\/kollegen-gesucht-fur-die-nachsaison\/"]}]},{"@type":"ImageObject","inLanguage":"nl-NL","@id":"https:\/\/www.rijstaldeblinkert.nl\/rijstal-de-blinkert\/de\/kollegen-gesucht-fur-die-nachsaison\/#primaryimage","url":"https:\/\/www.rijstaldeblinkert.nl\/wp-content\/uploads\/2020\/08\/Rijstal-de-blinkert-naseizoen-2020-448x630.jpg","contentUrl":"https:\/\/www.rijstaldeblinkert.nl\/wp-content\/uploads\/2020\/08\/Rijstal-de-blinkert-naseizoen-2020-448x630.jpg"},{"@type":"BreadcrumbList","@id":"https:\/\/www.rijstaldeblinkert.nl\/rijstal-de-blinkert\/de\/kollegen-gesucht-fur-die-nachsaison\/#breadcrumb","itemListElement":[{"@type":"ListItem","position":1,"name":"Home","item":"https:\/\/www.rijstaldeblinkert.nl\/rijstal-de-blinkert\/"},{"@type":"ListItem","position":2,"name":"Kollegen f\u00fcr die Nachsaison gesucht"}]},{"@type":"WebSite","@id":"https:\/\/www.rijstaldeblinkert.nl\/rijstal-de-blinkert\/#website","url":"https:\/\/www.rijstaldeblinkert.nl\/rijstal-de-blinkert\/","name":"Rijstal De Blinkert","description":"Strandritten | Vakantiestalling","publisher":{"@id":"https:\/\/www.rijstaldeblinkert.nl\/rijstal-de-blinkert\/#organization"},"potentialAction":[{"@type":"SearchAction","target":{"@type":"EntryPoint","urlTemplate":"https:\/\/www.rijstaldeblinkert.nl\/rijstal-de-blinkert\/?s={search_term_string}"},"query-input":{"@type":"PropertyValueSpecification","valueRequired":true,"valueName":"search_term_string"}}],"inLanguage":"nl-NL"},{"@type":"Organization","@id":"https:\/\/www.rijstaldeblinkert.nl\/rijstal-de-blinkert\/#organization","name":"Rijstal De Blinkert","url":"https:\/\/www.rijstaldeblinkert.nl\/rijstal-de-blinkert\/","logo":{"@type":"ImageObject","inLanguage":"nl-NL","@id":"https:\/\/www.rijstaldeblinkert.nl\/rijstal-de-blinkert\/#\/schema\/logo\/image\/","url":"https:\/\/www.rijstaldeblinkert.nl\/wp-content\/uploads\/2018\/09\/Rijstal-De-Blinkert-Ameland-Logo.jpg","contentUrl":"https:\/\/www.rijstaldeblinkert.nl\/wp-content\/uploads\/2018\/09\/Rijstal-De-Blinkert-Ameland-Logo.jpg","width":600,"height":600,"caption":"Rijstal De Blinkert"},"image":{"@id":"https:\/\/www.rijstaldeblinkert.nl\/rijstal-de-blinkert\/#\/schema\/logo\/image\/"},"sameAs":["https:\/\/www.facebook.com\/rijstaldeblinkert\/","https:\/\/www.instagram.com\/rijstaldeblinkert\/"]},{"@type":"Person","@id":"https:\/\/www.rijstaldeblinkert.nl\/rijstal-de-blinkert\/#\/schema\/person\/01083a70f98ff6619080509efa7cb7f6","name":"admin","image":{"@type":"ImageObject","inLanguage":"nl-NL","@id":"https:\/\/secure.gravatar.com\/avatar\/c1e2147c7d98504541986f1a593021ecdb5c40b345f3b07a734059c6976590af?s=96&d=wavatar&r=g","url":"https:\/\/secure.gravatar.com\/avatar\/c1e2147c7d98504541986f1a593021ecdb5c40b345f3b07a734059c6976590af?s=96&d=wavatar&r=g","contentUrl":"https:\/\/secure.gravatar.com\/avatar\/c1e2147c7d98504541986f1a593021ecdb5c40b345f3b07a734059c6976590af?s=96&d=wavatar&r=g","caption":"admin"},"url":"https:\/\/www.rijstaldeblinkert.nl\/rijstal-de-blinkert\/author\/admin\/"}]}},"_links":{"self":[{"href":"https:\/\/www.rijstaldeblinkert.nl\/rijstal-de-blinkert\/wp-json\/wp\/v2\/posts\/1313","targetHints":{"allow":["GET"]}}],"collection":[{"href":"https:\/\/www.rijstaldeblinkert.nl\/rijstal-de-blinkert\/wp-json\/wp\/v2\/posts"}],"about":[{"href":"https:\/\/www.rijstaldeblinkert.nl\/rijstal-de-blinkert\/wp-json\/wp\/v2\/types\/post"}],"author":[{"embeddable":true,"href":"https:\/\/www.rijstaldeblinkert.nl\/rijstal-de-blinkert\/wp-json\/wp\/v2\/users\/1"}],"replies":[{"embeddable":true,"href":"https:\/\/www.rijstaldeblinkert.nl\/rijstal-de-blinkert\/wp-json\/wp\/v2\/comments?post=1313"}],"version-history":[{"count":0,"href":"https:\/\/www.rijstaldeblinkert.nl\/rijstal-de-blinkert\/wp-json\/wp\/v2\/posts\/1313\/revisions"}],"wp:attachment":[{"href":"https:\/\/www.rijstaldeblinkert.nl\/rijstal-de-blinkert\/wp-json\/wp\/v2\/media?parent=1313"}],"wp:term":[{"taxonomy":"category","embeddable":true,"href":"https:\/\/www.rijstaldeblinkert.nl\/rijstal-de-blinkert\/wp-json\/wp\/v2\/categories?post=1313"},{"taxonomy":"post_tag","embeddable":true,"href":"https:\/\/www.rijstaldeblinkert.nl\/rijstal-de-blinkert\/wp-json\/wp\/v2\/tags?post=1313"}],"curies":[{"name":"wp","href":"https:\/\/api.w.org\/{rel}","templated":true}]}}